{"id":37679,"date":"2016-08-26T00:00:00","date_gmt":"2016-08-26T00:00:00","guid":{"rendered":"https:\/\/iahp.org\/?p=37679"},"modified":"2025-03-14T03:35:33","modified_gmt":"2025-03-14T03:35:33","slug":"deficit-de-atencion-y-retraso-en-el-desarrollo-andres","status":"publish","type":"post","link":"https:\/\/iahp.org\/es\/deficit-de-atencion-y-retraso-en-el-desarrollo-andres\/","title":{"rendered":"D\u00e9ficit de Atenci\u00f3n y Retraso en el Desarrollo"},"content":{"rendered":"<h1>Andr\u00e9s prueba que el cerebro crece con el uso<\/h1>\n<p class=\"p1\">Cuando Andr\u00e9s naci\u00f3, estaba cian\u00f3tico y no pod\u00eda respirar. Hab\u00eda sido un parto prolongado y no llor\u00f3 al respirar por lo que los doctores de inmediato le iniciaron maniobras respiratorias de resucitaci\u00f3n y necesit\u00f3 incubadora adem\u00e1s de ox\u00edgeno. Andr\u00e9s fue un ni\u00f1o muy callado el primer a\u00f1o de su vida y no mov\u00eda brazos ni piernas y tambi\u00e9n tuvo dificultades para la alimentaci\u00f3n, as\u00ed que sus padres sintieron que algo iba muy mal, aunque los m\u00e9dicos dijeron que no hab\u00eda de qu\u00e9 preocuparse.<\/p>\n<p><img fetchpriority=\"high\" decoding=\"async\" class=\"alignnone  wp-image-27826\" src=\"https:\/\/iahp.org\/wp-content\/uploads\/2020\/06\/Andres1-300x225.jpg\" alt=\"\" width=\"503\" height=\"377\" srcset=\"https:\/\/iahp.org\/wp-content\/uploads\/2020\/06\/Andres1-300x225.jpg 300w, https:\/\/iahp.org\/wp-content\/uploads\/2020\/06\/Andres1.jpg 600w\" sizes=\"(max-width: 503px) 100vw, 503px\" \/><\/p>\n<p><img decoding=\"async\" class=\"alignnone  wp-image-27827\" src=\"https:\/\/iahp.org\/wp-content\/uploads\/2020\/06\/Andres2-200x300.jpg\" alt=\"\" width=\"400\" height=\"600\" srcset=\"https:\/\/iahp.org\/wp-content\/uploads\/2020\/06\/Andres2-200x300.jpg 200w, https:\/\/iahp.org\/wp-content\/uploads\/2020\/06\/Andres2.jpg 534w\" sizes=\"(max-width: 400px) 100vw, 400px\" \/><\/p>\n<h4 class=\"p1\"><b>Andr\u00e9s ten\u00eda dificultades en preescolar<\/b><\/h4>\n<p class=\"p1\">Andr\u00e9s estaba retrasado en cada aspecto de su desarrollo pues no pudo caminar hasta que tuvo 30 meses y su habilidad manual era pobre. Cuando sus padres lo enviaron a preescolar, era obvio que estaba por detr\u00e1s del desarrollo de los ni\u00f1os de su edad y a los 3 a\u00f1os, los doctores lo confirmaron. Andr\u00e9s fue diagnosticado con trastorno global del desarrollo y d\u00e9ficit de atenci\u00f3n.<\/p>\n<p class=\"p1\">A los padres no se les dio esperanza de que pudiera regularizarse a la par de los otros ni\u00f1os. Se enteraron del trabajo de los Institutos con ni\u00f1os con lesiones cerebrales y asistieron al curso \u201cQue hacer por su hijo con lesi\u00f3n cerebral\u201d.<\/p>\n<p class=\"p1\">Los padres trajeron a Andr\u00e9s a la edad de tres a\u00f1os a los Institutos a una sesi\u00f3n para evaluarlo y comentaron al equipo: <i>\u201cLos Institutos <\/i><i>han sido el \u00fanico lugar que ha propuesto que nuestro hijo puede <\/i><i>mejorar, son nuestra esperanza.\u201d<\/i><\/p>\n<p class=\"p1\">Andr\u00e9s ten\u00eda tres a\u00f1os, pero presentaba un desarrollo de un ni\u00f1o de 18 meses. Pod\u00eda entender conceptos b\u00e1sicos y pod\u00eda hablar, pero no muy claramente, tampoco era capaz de utilizar las dos manos al mismo tiempo para destapar botellas o servir. Andr\u00e9s estaba cr\u00f3nicamente enfermo y ten\u00eda que asistir al m\u00e9dico cada mes pues estaba retrasado en movilidad y no pod\u00eda correr.<\/p>\n<p><img decoding=\"async\" class=\"alignnone  wp-image-27828\" src=\"https:\/\/iahp.org\/wp-content\/uploads\/2020\/06\/Andres3-300x266.jpg\" alt=\"\" width=\"500\" height=\"443\" srcset=\"https:\/\/iahp.org\/wp-content\/uploads\/2020\/06\/Andres3-300x266.jpg 300w, https:\/\/iahp.org\/wp-content\/uploads\/2020\/06\/Andres3.jpg 488w\" sizes=\"(max-width: 500px) 100vw, 500px\" \/><\/p>\n<h4 class=\"p1\"><b>Andr\u00e9s pod\u00eda caminar, pero no pod\u00eda correr<\/b><\/h4>\n<p class=\"p1\">Los padres de Andr\u00e9s no dudaron en iniciar el programa en casa. Se aseguraron de que saliera todos los d\u00edas a caminar y a correr en distintos ambientes para mejorar su motricidad. A \u00e9l se le incluy\u00f3 un programa especializado de nutrici\u00f3n para mejor su salud y pararemover alimentos problem\u00e1ticos. Tambi\u00e9n recibi\u00f3 un programa de lectura que disfrutaba mucho.<\/p>\n<p><img loading=\"lazy\" decoding=\"async\" class=\"alignnone  wp-image-27829\" src=\"https:\/\/iahp.org\/wp-content\/uploads\/2020\/06\/Andres4-272x300.jpg\" alt=\"\" width=\"500\" height=\"551\" srcset=\"https:\/\/iahp.org\/wp-content\/uploads\/2020\/06\/Andres4-272x300.jpg 272w, https:\/\/iahp.org\/wp-content\/uploads\/2020\/06\/Andres4.jpg 505w\" sizes=\"(max-width: 500px) 100vw, 500px\" \/><\/p>\n<h4 class=\"p1\"><b>A Andr\u00e9s le encantaba su programa de lectura<\/b><\/h4>\n<p class=\"p1\">Despu\u00e9s de su segunda visita en los Institutos, los padres agregaron otros programas para acrecentar su crecimiento intelectual incluyendo un programa de conocimiento enciclop\u00e9dico ymatem\u00e1tico. Los padres observaron que Andr\u00e9s absorb\u00eda informaci\u00f3n de sus libros hechos en casa y de las tarjetas de inteligencia (Bits) en forma veloz.<\/p>\n<p><img loading=\"lazy\" decoding=\"async\" class=\"alignnone  wp-image-28436\" src=\"https:\/\/iahp.org\/wp-content\/uploads\/2020\/06\/Andres5-300x281.png\" alt=\"\" width=\"500\" height=\"468\" srcset=\"https:\/\/iahp.org\/wp-content\/uploads\/2020\/06\/Andres5-300x281.png 300w, https:\/\/iahp.org\/wp-content\/uploads\/2020\/06\/Andres5.png 468w\" sizes=\"(max-width: 500px) 100vw, 500px\" \/><\/p>\n<p class=\"p1\"><b>Las tarjetas de inteligencia (Bits) introdujeron a Andr\u00e9s al <\/b><b>mundo del aprendizaje y descubrimiento<\/b><\/p>\n<p class=\"p1\">Andr\u00e9s comenz\u00f3 a mejorar en cada \u00e1rea del funcionamiento y a leer palabras, su comprensi\u00f3n se increment\u00f3 gradualmente hasta que tuvo el entendimiento de alguien de su edad. Tambi\u00e9n, comenz\u00f3 a correr 200 metros sin detenerse.<\/p>\n<p><img loading=\"lazy\" decoding=\"async\" class=\"alignnone  wp-image-28437\" src=\"https:\/\/iahp.org\/wp-content\/uploads\/2020\/06\/Andres6-295x300.png\" alt=\"\" width=\"501\" height=\"509\" srcset=\"https:\/\/iahp.org\/wp-content\/uploads\/2020\/06\/Andres6-295x300.png 295w, https:\/\/iahp.org\/wp-content\/uploads\/2020\/06\/Andres6.png 447w\" sizes=\"(max-width: 501px) 100vw, 501px\" \/><\/p>\n<h4 class=\"p1\"><b>Andr\u00e9s comenz\u00f3 a correr a buena velocidad.<\/b><\/h4>\n<p class=\"p1\">Su lenguaje mejor\u00f3 en claridad y volumen. Igualmente, el braceo en pasamanos mejor\u00f3 considerablemente su capacidad manual y pronto pudo utilizar sus manos para movimientos complejos, como. realizar proyectos de lego para su nivel de edad.<\/p>\n<p><img loading=\"lazy\" decoding=\"async\" class=\"alignnone  wp-image-28438\" src=\"https:\/\/iahp.org\/wp-content\/uploads\/2020\/06\/Andres7-300x208.png\" alt=\"\" width=\"500\" height=\"347\" srcset=\"https:\/\/iahp.org\/wp-content\/uploads\/2020\/06\/Andres7-300x208.png 300w, https:\/\/iahp.org\/wp-content\/uploads\/2020\/06\/Andres7-600x416.png 600w, https:\/\/iahp.org\/wp-content\/uploads\/2020\/06\/Andres7.png 607w\" sizes=\"(max-width: 500px) 100vw, 500px\" \/><\/p>\n<h4 class=\"p1\"><b>Colgarse del pasamanos fue excelente para su habilidad <\/b><b>manual y para que comenzara a escribir.<\/b><\/h4>\n<p class=\"p1\">Ha sido toda una aventura, pero ha tenido progresos incre\u00edbles en todo este proceso. Le encanta leer, tiene 7 a\u00f1os pero lee libros para niveles de 8- 12 a\u00f1os. En el \u00faltimo a\u00f1o aprendi\u00f3 a escribir y ahora escribe oraciones.<\/p>\n<p><img loading=\"lazy\" decoding=\"async\" class=\"alignnone  wp-image-28439\" src=\"https:\/\/iahp.org\/wp-content\/uploads\/2020\/06\/Andres8-300x278.png\" alt=\"\" width=\"499\" height=\"462\" srcset=\"https:\/\/iahp.org\/wp-content\/uploads\/2020\/06\/Andres8-300x278.png 300w, https:\/\/iahp.org\/wp-content\/uploads\/2020\/06\/Andres8.png 486w\" sizes=\"(max-width: 499px) 100vw, 499px\" \/><\/p>\n<h4 class=\"p1\"><b>Andr\u00e9s ahora puede escribir lo que \u00e9l quiera<\/b><\/h4>\n<p class=\"p1\">\u00c9l puede correr 2.4 km diariamente, hacer gimnasia y aprendi\u00f3 a pedalear una bicicleta y lo hace como recompensa. Ahora es capaz de hablar al nivel de sus compa\u00f1eros y a pesar de esos impresionantes logros, los extra\u00f1os est\u00e1n m\u00e1s impresionados con su gentileza, su madurez y amabilidad. Tiene 50 responsabilidades que lleva a cabo en casa para cuidar de s\u00ed mismo y de su familia por lo que es muy independiente; sus padres refieren que \u00e9l tiene el control de casi cualquier cosa. Ha tenido incre\u00edbles avances y contin\u00faa progresando d\u00eda con d\u00eda.<\/p>\n<p class=\"p1\">En su m\u00e1s reciente visita a los Institutos, Andr\u00e9s le dijo a su madre: \u201cMam\u00e1 yo creo que mi cerebro ya est\u00e1 trabajando bien.\u201d Sabeque puede realizar casi cualquier tarea de forma f\u00e1cil e independiente, tareas que antes nunca hubiesen parecido posibles de realizar. Su madre le dice a otros padres de familia que empiezan el programa: \u201cEste programa est\u00e1 siempre imponiendo nuevos retos, pero contin\u00faen con \u00e9l y ver\u00e1n los resultados\u201d La madre le escribi\u00f3 al equipo: \u201cGracias, gracias, gracias. Sin los Institutos, sin Glenn Doman y sin el equipo, esto no habr\u00eda sido posible\u201d.<\/p>\n<p><img loading=\"lazy\" decoding=\"async\" class=\"alignnone  wp-image-28440\" src=\"https:\/\/iahp.org\/wp-content\/uploads\/2020\/06\/Andres9-300x228.png\" alt=\"\" width=\"504\" height=\"383\" srcset=\"https:\/\/iahp.org\/wp-content\/uploads\/2020\/06\/Andres9-300x228.png 300w, https:\/\/iahp.org\/wp-content\/uploads\/2020\/06\/Andres9.png 453w\" sizes=\"(max-width: 504px) 100vw, 504px\" \/><\/p>\n<p class=\"p1\">El a\u00f1o pasado, Andr\u00e9s se integr\u00f3 a la escuela regular, obteniendo excelentes notas en espa\u00f1ol, ingl\u00e9s y matem\u00e1ticas. Sus maestros est\u00e1n impresionados con sus habilidades acad\u00e9micas y sociales: tanto, que les es dif\u00edcil creer que alguna vez tuvo un problema. Andr\u00e9s y su familia lograron el sue\u00f1o: graduarse del programa de tratamiento intensivo de Los Institutos.<\/p>\n<p class=\"p1\">Andr\u00e9s no habr\u00eda podido llegar tan lejos, si no fuera por este arduo trabajo y la dedicaci\u00f3n de sus padres.<\/p>\n<p class=\"p1\">El equipo de Los Institutos felicita a Andr\u00e9s y a sus padres por sus maravillosos logros, sabemos que llegar\u00e1n muchos m\u00e1s en el futuro.<\/p>\n<p>&nbsp;<\/p>\n<p>&nbsp;<\/p>\n<p>&nbsp;<\/p>\n<p>&nbsp;<\/p>\n<p>&nbsp;<\/p>\n<p>&nbsp;<\/p>\n<p>&nbsp;<\/p>\n<p>&nbsp;<\/p>\n","protected":false},"excerpt":{"rendered":"<p>Andr\u00e9s prueba que el cerebro crece con el uso Cuando Andr\u00e9s naci\u00f3, estaba cian\u00f3tico y no pod\u00eda respirar. Hab\u00eda sido<\/p>\n","protected":false},"author":11,"featured_media":27829,"comment_status":"open","ping_status":"open","sticky":false,"template":"","format":"standard","meta":{"_acf_changed":false,"footnotes":""},"categories":[121],"tags":[],"post_topic":[71,17,6,3,11],"class_list":["post-37679","post","type-post","status-publish","format-standard","has-post-thumbnail","hentry","category-in-the-news","post_topic-adhd","post_topic-developmental-delay","post_topic-manual-competence","post_topic-special-needs-children","post_topic-success-stories"],"acf":[],"yoast_head":"<!-- This site is optimized with the Yoast SEO plugin v27.5 - https:\/\/yoast.com\/product\/yoast-seo-wordpress\/ -->\n<title>D\u00e9ficit de Atenci\u00f3n y Retraso en el Desarrollo - Institutes<\/title>\n<meta name=\"robots\" content=\"index, follow, max-snippet:-1, max-image-preview:large, max-video-preview:-1\" \/>\n<link rel=\"canonical\" href=\"https:\/\/iahp.org\/es\/deficit-de-atencion-y-retraso-en-el-desarrollo-andres\/\" \/>\n<meta property=\"og:locale\" content=\"es_ES\" \/>\n<meta property=\"og:type\" content=\"article\" \/>\n<meta property=\"og:title\" content=\"D\u00e9ficit de Atenci\u00f3n y Retraso en el Desarrollo - Institutes\" \/>\n<meta property=\"og:description\" content=\"Andr\u00e9s prueba que el cerebro crece con el uso Cuando Andr\u00e9s naci\u00f3, estaba cian\u00f3tico y no pod\u00eda respirar. Hab\u00eda sido\" \/>\n<meta property=\"og:url\" content=\"https:\/\/iahp.org\/es\/deficit-de-atencion-y-retraso-en-el-desarrollo-andres\/\" \/>\n<meta property=\"og:site_name\" content=\"Institutes\" \/>\n<meta property=\"article:publisher\" content=\"https:\/\/www.facebook.com\/IAHPinternational\" \/>\n<meta property=\"article:published_time\" content=\"2016-08-26T00:00:00+00:00\" \/>\n<meta property=\"article:modified_time\" content=\"2025-03-14T03:35:33+00:00\" \/>\n<meta property=\"og:image\" content=\"https:\/\/iahp.org\/wp-content\/uploads\/2020\/06\/Andres4.jpg\" \/>\n\t<meta property=\"og:image:width\" content=\"505\" \/>\n\t<meta property=\"og:image:height\" content=\"558\" \/>\n\t<meta property=\"og:image:type\" content=\"image\/jpeg\" \/>\n<meta name=\"author\" content=\"cpk4ce28e\" \/>\n<meta name=\"twitter:card\" content=\"summary_large_image\" \/>\n<meta name=\"twitter:label1\" content=\"Escrito por\" \/>\n\t<meta name=\"twitter:data1\" content=\"cpk4ce28e\" \/>\n\t<meta name=\"twitter:label2\" content=\"Tiempo de lectura\" \/>\n\t<meta name=\"twitter:data2\" content=\"6 minutos\" \/>\n<script type=\"application\/ld+json\" class=\"yoast-schema-graph\">{\"@context\":\"https:\\\/\\\/schema.org\",\"@graph\":[{\"@type\":\"Article\",\"@id\":\"https:\\\/\\\/iahp.org\\\/es\\\/deficit-de-atencion-y-retraso-en-el-desarrollo-andres\\\/#article\",\"isPartOf\":{\"@id\":\"https:\\\/\\\/iahp.org\\\/es\\\/deficit-de-atencion-y-retraso-en-el-desarrollo-andres\\\/\"},\"author\":{\"name\":\"cpk4ce28e\",\"@id\":\"https:\\\/\\\/iahp.org\\\/es\\\/#\\\/schema\\\/person\\\/4ce96692c950862253096801449b3280\"},\"headline\":\"D\u00e9ficit de Atenci\u00f3n y Retraso en el Desarrollo\",\"datePublished\":\"2016-08-26T00:00:00+00:00\",\"dateModified\":\"2025-03-14T03:35:33+00:00\",\"mainEntityOfPage\":{\"@id\":\"https:\\\/\\\/iahp.org\\\/es\\\/deficit-de-atencion-y-retraso-en-el-desarrollo-andres\\\/\"},\"wordCount\":985,\"commentCount\":0,\"publisher\":{\"@id\":\"https:\\\/\\\/iahp.org\\\/es\\\/#organization\"},\"image\":{\"@id\":\"https:\\\/\\\/iahp.org\\\/es\\\/deficit-de-atencion-y-retraso-en-el-desarrollo-andres\\\/#primaryimage\"},\"thumbnailUrl\":\"https:\\\/\\\/iahp.org\\\/wp-content\\\/uploads\\\/2020\\\/06\\\/Andres4.jpg\",\"articleSection\":[\"In the News\"],\"inLanguage\":\"es\",\"potentialAction\":[{\"@type\":\"CommentAction\",\"name\":\"Comment\",\"target\":[\"https:\\\/\\\/iahp.org\\\/es\\\/deficit-de-atencion-y-retraso-en-el-desarrollo-andres\\\/#respond\"]}]},{\"@type\":\"WebPage\",\"@id\":\"https:\\\/\\\/iahp.org\\\/es\\\/deficit-de-atencion-y-retraso-en-el-desarrollo-andres\\\/\",\"url\":\"https:\\\/\\\/iahp.org\\\/es\\\/deficit-de-atencion-y-retraso-en-el-desarrollo-andres\\\/\",\"name\":\"D\u00e9ficit de Atenci\u00f3n y Retraso en el Desarrollo - Institutes\",\"isPartOf\":{\"@id\":\"https:\\\/\\\/iahp.org\\\/es\\\/#website\"},\"primaryImageOfPage\":{\"@id\":\"https:\\\/\\\/iahp.org\\\/es\\\/deficit-de-atencion-y-retraso-en-el-desarrollo-andres\\\/#primaryimage\"},\"image\":{\"@id\":\"https:\\\/\\\/iahp.org\\\/es\\\/deficit-de-atencion-y-retraso-en-el-desarrollo-andres\\\/#primaryimage\"},\"thumbnailUrl\":\"https:\\\/\\\/iahp.org\\\/wp-content\\\/uploads\\\/2020\\\/06\\\/Andres4.jpg\",\"datePublished\":\"2016-08-26T00:00:00+00:00\",\"dateModified\":\"2025-03-14T03:35:33+00:00\",\"breadcrumb\":{\"@id\":\"https:\\\/\\\/iahp.org\\\/es\\\/deficit-de-atencion-y-retraso-en-el-desarrollo-andres\\\/#breadcrumb\"},\"inLanguage\":\"es\",\"potentialAction\":[{\"@type\":\"ReadAction\",\"target\":[\"https:\\\/\\\/iahp.org\\\/es\\\/deficit-de-atencion-y-retraso-en-el-desarrollo-andres\\\/\"]}]},{\"@type\":\"ImageObject\",\"inLanguage\":\"es\",\"@id\":\"https:\\\/\\\/iahp.org\\\/es\\\/deficit-de-atencion-y-retraso-en-el-desarrollo-andres\\\/#primaryimage\",\"url\":\"https:\\\/\\\/iahp.org\\\/wp-content\\\/uploads\\\/2020\\\/06\\\/Andres4.jpg\",\"contentUrl\":\"https:\\\/\\\/iahp.org\\\/wp-content\\\/uploads\\\/2020\\\/06\\\/Andres4.jpg\",\"width\":505,\"height\":558},{\"@type\":\"BreadcrumbList\",\"@id\":\"https:\\\/\\\/iahp.org\\\/es\\\/deficit-de-atencion-y-retraso-en-el-desarrollo-andres\\\/#breadcrumb\",\"itemListElement\":[{\"@type\":\"ListItem\",\"position\":1,\"name\":\"Home\",\"item\":\"https:\\\/\\\/iahp.org\\\/es\\\/\"},{\"@type\":\"ListItem\",\"position\":2,\"name\":\"D\u00e9ficit de Atenci\u00f3n y Retraso en el Desarrollo\"}]},{\"@type\":\"WebSite\",\"@id\":\"https:\\\/\\\/iahp.org\\\/es\\\/#website\",\"url\":\"https:\\\/\\\/iahp.org\\\/es\\\/\",\"name\":\"Institutes\",\"description\":\"The Official Website\",\"publisher\":{\"@id\":\"https:\\\/\\\/iahp.org\\\/es\\\/#organization\"},\"potentialAction\":[{\"@type\":\"SearchAction\",\"target\":{\"@type\":\"EntryPoint\",\"urlTemplate\":\"https:\\\/\\\/iahp.org\\\/es\\\/?s={search_term_string}\"},\"query-input\":{\"@type\":\"PropertyValueSpecification\",\"valueRequired\":true,\"valueName\":\"search_term_string\"}}],\"inLanguage\":\"es\"},{\"@type\":\"Organization\",\"@id\":\"https:\\\/\\\/iahp.org\\\/es\\\/#organization\",\"name\":\"The Institutes for the Achievement of Human Potential\",\"url\":\"https:\\\/\\\/iahp.org\\\/es\\\/\",\"logo\":{\"@type\":\"ImageObject\",\"inLanguage\":\"es\",\"@id\":\"https:\\\/\\\/iahp.org\\\/es\\\/#\\\/schema\\\/logo\\\/image\\\/\",\"url\":\"https:\\\/\\\/iahp.org\\\/wp-content\\\/uploads\\\/2021\\\/02\\\/iahp-logo-vector-bigger-text.svg\",\"contentUrl\":\"https:\\\/\\\/iahp.org\\\/wp-content\\\/uploads\\\/2021\\\/02\\\/iahp-logo-vector-bigger-text.svg\",\"width\":280,\"height\":76,\"caption\":\"The Institutes for the Achievement of Human Potential\"},\"image\":{\"@id\":\"https:\\\/\\\/iahp.org\\\/es\\\/#\\\/schema\\\/logo\\\/image\\\/\"},\"sameAs\":[\"https:\\\/\\\/www.facebook.com\\\/IAHPinternational\"]},{\"@type\":\"Person\",\"@id\":\"https:\\\/\\\/iahp.org\\\/es\\\/#\\\/schema\\\/person\\\/4ce96692c950862253096801449b3280\",\"name\":\"cpk4ce28e\",\"image\":{\"@type\":\"ImageObject\",\"inLanguage\":\"es\",\"@id\":\"https:\\\/\\\/secure.gravatar.com\\\/avatar\\\/fe44893632172bb14f4f574b8f086c364bcd217e237dba65f803f42bcc3dd0e1?s=96&d=mm&r=g\",\"url\":\"https:\\\/\\\/secure.gravatar.com\\\/avatar\\\/fe44893632172bb14f4f574b8f086c364bcd217e237dba65f803f42bcc3dd0e1?s=96&d=mm&r=g\",\"contentUrl\":\"https:\\\/\\\/secure.gravatar.com\\\/avatar\\\/fe44893632172bb14f4f574b8f086c364bcd217e237dba65f803f42bcc3dd0e1?s=96&d=mm&r=g\",\"caption\":\"cpk4ce28e\"},\"description\":\"Digital Media Coordinator Audiovisual Department Technician \u30a6\u30a7\u30d6\u9867\u554f(\u65e5\u672c)\",\"url\":\"https:\\\/\\\/iahp.org\\\/es\\\/author\\\/chris\\\/\"}]}<\/script>\n<!-- \/ Yoast SEO plugin. -->","yoast_head_json":{"title":"D\u00e9ficit de Atenci\u00f3n y Retraso en el Desarrollo - Institutes","robots":{"index":"index","follow":"follow","max-snippet":"max-snippet:-1","max-image-preview":"max-image-preview:large","max-video-preview":"max-video-preview:-1"},"canonical":"https:\/\/iahp.org\/es\/deficit-de-atencion-y-retraso-en-el-desarrollo-andres\/","og_locale":"es_ES","og_type":"article","og_title":"D\u00e9ficit de Atenci\u00f3n y Retraso en el Desarrollo - Institutes","og_description":"Andr\u00e9s prueba que el cerebro crece con el uso Cuando Andr\u00e9s naci\u00f3, estaba cian\u00f3tico y no pod\u00eda respirar. Hab\u00eda sido","og_url":"https:\/\/iahp.org\/es\/deficit-de-atencion-y-retraso-en-el-desarrollo-andres\/","og_site_name":"Institutes","article_publisher":"https:\/\/www.facebook.com\/IAHPinternational","article_published_time":"2016-08-26T00:00:00+00:00","article_modified_time":"2025-03-14T03:35:33+00:00","og_image":[{"width":505,"height":558,"url":"https:\/\/iahp.org\/wp-content\/uploads\/2020\/06\/Andres4.jpg","type":"image\/jpeg"}],"author":"cpk4ce28e","twitter_card":"summary_large_image","twitter_misc":{"Escrito por":"cpk4ce28e","Tiempo de lectura":"6 minutos"},"schema":{"@context":"https:\/\/schema.org","@graph":[{"@type":"Article","@id":"https:\/\/iahp.org\/es\/deficit-de-atencion-y-retraso-en-el-desarrollo-andres\/#article","isPartOf":{"@id":"https:\/\/iahp.org\/es\/deficit-de-atencion-y-retraso-en-el-desarrollo-andres\/"},"author":{"name":"cpk4ce28e","@id":"https:\/\/iahp.org\/es\/#\/schema\/person\/4ce96692c950862253096801449b3280"},"headline":"D\u00e9ficit de Atenci\u00f3n y Retraso en el Desarrollo","datePublished":"2016-08-26T00:00:00+00:00","dateModified":"2025-03-14T03:35:33+00:00","mainEntityOfPage":{"@id":"https:\/\/iahp.org\/es\/deficit-de-atencion-y-retraso-en-el-desarrollo-andres\/"},"wordCount":985,"commentCount":0,"publisher":{"@id":"https:\/\/iahp.org\/es\/#organization"},"image":{"@id":"https:\/\/iahp.org\/es\/deficit-de-atencion-y-retraso-en-el-desarrollo-andres\/#primaryimage"},"thumbnailUrl":"https:\/\/iahp.org\/wp-content\/uploads\/2020\/06\/Andres4.jpg","articleSection":["In the News"],"inLanguage":"es","potentialAction":[{"@type":"CommentAction","name":"Comment","target":["https:\/\/iahp.org\/es\/deficit-de-atencion-y-retraso-en-el-desarrollo-andres\/#respond"]}]},{"@type":"WebPage","@id":"https:\/\/iahp.org\/es\/deficit-de-atencion-y-retraso-en-el-desarrollo-andres\/","url":"https:\/\/iahp.org\/es\/deficit-de-atencion-y-retraso-en-el-desarrollo-andres\/","name":"D\u00e9ficit de Atenci\u00f3n y Retraso en el Desarrollo - Institutes","isPartOf":{"@id":"https:\/\/iahp.org\/es\/#website"},"primaryImageOfPage":{"@id":"https:\/\/iahp.org\/es\/deficit-de-atencion-y-retraso-en-el-desarrollo-andres\/#primaryimage"},"image":{"@id":"https:\/\/iahp.org\/es\/deficit-de-atencion-y-retraso-en-el-desarrollo-andres\/#primaryimage"},"thumbnailUrl":"https:\/\/iahp.org\/wp-content\/uploads\/2020\/06\/Andres4.jpg","datePublished":"2016-08-26T00:00:00+00:00","dateModified":"2025-03-14T03:35:33+00:00","breadcrumb":{"@id":"https:\/\/iahp.org\/es\/deficit-de-atencion-y-retraso-en-el-desarrollo-andres\/#breadcrumb"},"inLanguage":"es","potentialAction":[{"@type":"ReadAction","target":["https:\/\/iahp.org\/es\/deficit-de-atencion-y-retraso-en-el-desarrollo-andres\/"]}]},{"@type":"ImageObject","inLanguage":"es","@id":"https:\/\/iahp.org\/es\/deficit-de-atencion-y-retraso-en-el-desarrollo-andres\/#primaryimage","url":"https:\/\/iahp.org\/wp-content\/uploads\/2020\/06\/Andres4.jpg","contentUrl":"https:\/\/iahp.org\/wp-content\/uploads\/2020\/06\/Andres4.jpg","width":505,"height":558},{"@type":"BreadcrumbList","@id":"https:\/\/iahp.org\/es\/deficit-de-atencion-y-retraso-en-el-desarrollo-andres\/#breadcrumb","itemListElement":[{"@type":"ListItem","position":1,"name":"Home","item":"https:\/\/iahp.org\/es\/"},{"@type":"ListItem","position":2,"name":"D\u00e9ficit de Atenci\u00f3n y Retraso en el Desarrollo"}]},{"@type":"WebSite","@id":"https:\/\/iahp.org\/es\/#website","url":"https:\/\/iahp.org\/es\/","name":"Institutes","description":"The Official Website","publisher":{"@id":"https:\/\/iahp.org\/es\/#organization"},"potentialAction":[{"@type":"SearchAction","target":{"@type":"EntryPoint","urlTemplate":"https:\/\/iahp.org\/es\/?s={search_term_string}"},"query-input":{"@type":"PropertyValueSpecification","valueRequired":true,"valueName":"search_term_string"}}],"inLanguage":"es"},{"@type":"Organization","@id":"https:\/\/iahp.org\/es\/#organization","name":"The Institutes for the Achievement of Human Potential","url":"https:\/\/iahp.org\/es\/","logo":{"@type":"ImageObject","inLanguage":"es","@id":"https:\/\/iahp.org\/es\/#\/schema\/logo\/image\/","url":"https:\/\/iahp.org\/wp-content\/uploads\/2021\/02\/iahp-logo-vector-bigger-text.svg","contentUrl":"https:\/\/iahp.org\/wp-content\/uploads\/2021\/02\/iahp-logo-vector-bigger-text.svg","width":280,"height":76,"caption":"The Institutes for the Achievement of Human Potential"},"image":{"@id":"https:\/\/iahp.org\/es\/#\/schema\/logo\/image\/"},"sameAs":["https:\/\/www.facebook.com\/IAHPinternational"]},{"@type":"Person","@id":"https:\/\/iahp.org\/es\/#\/schema\/person\/4ce96692c950862253096801449b3280","name":"cpk4ce28e","image":{"@type":"ImageObject","inLanguage":"es","@id":"https:\/\/secure.gravatar.com\/avatar\/fe44893632172bb14f4f574b8f086c364bcd217e237dba65f803f42bcc3dd0e1?s=96&d=mm&r=g","url":"https:\/\/secure.gravatar.com\/avatar\/fe44893632172bb14f4f574b8f086c364bcd217e237dba65f803f42bcc3dd0e1?s=96&d=mm&r=g","contentUrl":"https:\/\/secure.gravatar.com\/avatar\/fe44893632172bb14f4f574b8f086c364bcd217e237dba65f803f42bcc3dd0e1?s=96&d=mm&r=g","caption":"cpk4ce28e"},"description":"Digital Media Coordinator Audiovisual Department Technician \u30a6\u30a7\u30d6\u9867\u554f(\u65e5\u672c)","url":"https:\/\/iahp.org\/es\/author\/chris\/"}]}},"_links":{"self":[{"href":"https:\/\/iahp.org\/es\/wp-json\/wp\/v2\/posts\/37679","targetHints":{"allow":["GET"]}}],"collection":[{"href":"https:\/\/iahp.org\/es\/wp-json\/wp\/v2\/posts"}],"about":[{"href":"https:\/\/iahp.org\/es\/wp-json\/wp\/v2\/types\/post"}],"author":[{"embeddable":true,"href":"https:\/\/iahp.org\/es\/wp-json\/wp\/v2\/users\/11"}],"replies":[{"embeddable":true,"href":"https:\/\/iahp.org\/es\/wp-json\/wp\/v2\/comments?post=37679"}],"version-history":[{"count":1,"href":"https:\/\/iahp.org\/es\/wp-json\/wp\/v2\/posts\/37679\/revisions"}],"predecessor-version":[{"id":37680,"href":"https:\/\/iahp.org\/es\/wp-json\/wp\/v2\/posts\/37679\/revisions\/37680"}],"wp:featuredmedia":[{"embeddable":true,"href":"https:\/\/iahp.org\/es\/wp-json\/wp\/v2\/media\/27829"}],"wp:attachment":[{"href":"https:\/\/iahp.org\/es\/wp-json\/wp\/v2\/media?parent=37679"}],"wp:term":[{"taxonomy":"category","embeddable":true,"href":"https:\/\/iahp.org\/es\/wp-json\/wp\/v2\/categories?post=37679"},{"taxonomy":"post_tag","embeddable":true,"href":"https:\/\/iahp.org\/es\/wp-json\/wp\/v2\/tags?post=37679"},{"taxonomy":"post_topic","embeddable":true,"href":"https:\/\/iahp.org\/es\/wp-json\/wp\/v2\/post_topic?post=37679"}],"curies":[{"name":"wp","href":"https:\/\/api.w.org\/{rel}","templated":true}]}}